{
    "title": "Sennheiser Group presenterer de nyeste l\u00f8sningene innen romlig lyd og tr\u00e5dl\u00f8s teknologi p\u00e5 NAB 2026 ",
    "modified_at": "2026-04-27 15:34:07",
    "published_at": "2026-04-27 15:34:00",
    "url": "https://newsroom.sennheiser.com/sennheiser-group-presenterer-de-nyeste-losningene-innen-romlig-lyd-og-tradlos-teknologi-pa-nab-2026",
    "short_url": "http://prez.ly/jLDd",
    "culture": "nb_NO",
    "language": "NB",
    "subtitle": "Oppdag de nye funksjonene i Spectera-fastvareoppdateringen, h\u00f8r en presentasjon om bruk av 1,4 GHz-b\u00e5ndet for kringkasting, og \u00f8k publikumsengasjementet med l\u00f8sninger fra AMBEO Zone ",
    "slug": "sennheiser-group-presenterer-de-nyeste-losningene-innen-romlig-lyd-og-tradlos-teknologi-pa-nab-2026",
    "body": "<p><em><strong>Oslo, april 2026 </strong></em><strong>- P&aring; NAB 2026 presenterer Sennheiser Group fremtidens teknologi for kringkastere, studioer, str&oslash;mmeplattformer og innholdsskapere p&aring; stand 4931 i Central Hall. Standen er delt inn i tre soner &ndash; P&aring;litelig integrasjon, Tilkobling og Fremtid, og Innovasjon &ndash; og tar bes&oslash;kende gjennom hele arbeidsflyten. Reisen begynner med opptak, forbedring og overv&aring;king av innhold ved hjelp av l&oslash;sninger fra Sennheiser, Neumann og Merging. Deretter g&aring;r den videre til integrasjons- og tilkoblingssonen, der partneren Soundbase viser frem nye funksjoner i sin merkeuavhengige app for RF-planlegging og -administrasjon. Opplevelsen avsluttes i Future &amp; Innovation-omr&aring;det, hvor du finner AMBEO Zone, Spectera Showcase og Spectera Lab. Bes&oslash;kende inviteres ogs&aring; til foredraget med Sennheisers Joe Ciaudelli, &ldquo;Wireless Microphone Operation for Mega-Events in the 1435&ndash;1525 MHz Band&rdquo;, som finner sted l&oslash;rdag 18. april 2026 kl. 14.10&ndash;14.30 i rom N25.</strong></p><p>&nbsp;</p><p><strong>Siste nytt fra Spectera p&aring; NAB 2026</strong></p><p>Med den nyeste oppdateringen av Spectera-fastvaren v 1.3.0, har OpenAPI-spesifikasjonen 17.0 for Spectera-basestasjonen blitt publisert. <strong>Spectera API</strong> legger til rette for dypere integrasjon, nye arbeidsflyter og partnerdrevet innovasjon. Dermed kan ingeni&oslash;rteam, systemintegratorer, automasjonsspesialister og entusiaster n&aring; integrere Spectera i egne kontrollsystemer, overv&aring;kingsdashbord og produksjonsarbeidsflyter ved hjelp av det sikre SSCv2-grensesnittet for ekstern tilgang over HTTPS.</p><p>&nbsp;</p><p>&mdash; API-tilgang er ikke en &quot;nice-to-have&quot;, men essensielt for et &oslash;kosystem som skal trives i brukermilj&oslash;er og arbeidsflyter. Det &aring;pner Spectera for alle de geniale operat&oslash;rene og automasjonsentusiastene der ute, som er ivrige etter &aring; skape skreddersydde arbeidsflyter, for produsenter som &oslash;nsker integrasjon med sine egne enheter, og for programmerere som utvikler lyd-plug-ins eller annen programvare, sier <strong>Benedikt Euen, Senior Product Manager for Spectera.</strong></p>\n    <figure\n        class=\"release-content-image release-content-image--contained release-content-image--align-center\"\n        data-component=\"image-zoom-popup\"\n        data-image-zoom-popup-selector=\".release-content-image__image\"\n        data-image-zoom-popup-i18n=\"data:application/json;base64,eyJEb3dubG9hZCI6IkRvd25sb2FkIn0=\"\n        data-image-zoom-popup-tracking-views-event=\"Story Image View\"\n        data-image-zoom-popup-tracking-download-event=\"Story Image Download\"\n        data-image-zoom-popup-placement=\"content\"\n    >\n        <div class=\"image-thumbnail-rollover\" style=\"width: 100%\">\n            <img\n                src=\"https://cdn.uc.assets.prezly.com/7816e934-3762-46ba-b92c-dce3fe782d7f/-/resize/1200x/-/format/auto/\"\n                                    srcset=\"https://cdn.uc.assets.prezly.com/7816e934-3762-46ba-b92c-dce3fe782d7f/-/resize/1200x/-/format/auto/ 1x, https://cdn.uc.assets.prezly.com/7816e934-3762-46ba-b92c-dce3fe782d7f/-/resize/2400x/-/format/auto/ 2x\"\n                                class=\"release-content-image__image image-thumbnail-rollover__image\"\n                data-description=\"Spectera API muliggj&amp;oslash;r dypere integrasjon, nye arbeidsflyter og partnerdrevet innovasjon\"\n                id=\"image-7816e934-3762-46ba-b92c-dce3fe782d7f\"\n                data-id=\"7816e934-3762-46ba-b92c-dce3fe782d7f\"\n                data-original=\"https://cdn.uc.assets.prezly.com/7816e934-3762-46ba-b92c-dce3fe782d7f/-/inline/no/Spectera_Lab_Spectera-API_teaser_visual_01.jpeg\"\n                data-mfp-src=\"https://cdn.uc.assets.prezly.com/7816e934-3762-46ba-b92c-dce3fe782d7f/-/resize/1200x/-/format/auto/\"\n                alt=\"Spectera API muliggj\u00f8r dypere integrasjon, nye arbeidsflyter og partnerdrevet innovasjon\"\n            />\n            <div class=\"image-thumbnail-rollover__caption\">\n                <svg class=\"icon icon-expand image-thumbnail-rollover__caption-icon\">\n                <use xlink:href=\"#icon-expand\"></use>\n            </svg>            </div>\n        </div>\n\n        <figcaption class=\"release-content-image__caption\">Spectera API muliggj&oslash;r dypere integrasjon, nye arbeidsflyter og partnerdrevet innovasjon</figcaption>\n    </figure>\n<p>P&aring; standen demonstreres tilpasningsmulighetene som Spectera API tilbyr, med Bitfocus Companion- og Buttons-appen: I et typisk live- og turn&eacute;oppsett kan appen brukes sammen med DAW-kontroll og kan oppn&aring; instrumentbytte og ingeni&oslash;rmodus gjennom den aktive Spectera-beltpacken.</p><p>Mulighetene er uendelige: Brukerne kan samhandle, kontrollere og overv&aring;ke Spectera via enheter som stream decks, ber&oslash;ringsskjermer eller DAW-programvare, og utl&oslash;se funksjoner som Engineer Mode og instrumentbytte, eller lage sikkerhetskopier av mobile enheter med et enkelt tastetrykk. </p><p><strong>Spectera Rental Finder</strong></p><p>N&aring;r store kringkastingsproduksjoner krever flere Spectera-enheter , hjelper Spectera <strong>Rental Finder</strong> med &aring; finne Spectera-systemer over hele verden via et rullbart verdenskart. \u200b Verkt&oslash;yet er tilgjengelig p&aring; <a href=\"https://www.sennheiser.com/en-de/spectera-rental-finder\">Sennheisers nettsted</a>, og setter kundene i kontakt med et nettverk av profesjonelle utleiepartnere, noe som gj&oslash;r det enkelt &aring; finne og skaffe det utstyret man trenger.</p><p><strong>Spectera-programvarelandskap</strong></p><p>Sennheiser har ogs&aring; kunngjort en endring i programvarelandskapet for Spectera. </p><p>&mdash; Vi har f&aring;tt mange tilbakemeldinger fra brukerne v&aring;re som viser at de klart foretrekker Spectera WebUI fremfor LinkDesk, og det er ogs&aring; stor interesse for SoundBase for avansert styring av flere systemer og leverand&oslash;rer. Vi har derfor besluttet &aring; ikke fortsette utviklingen av LinkDesk utover versjon 1.6.0, og la SoundBase fokusere p&aring; integrering av Spectera for &aring; dekke alle LinkDesk-funksjoner i fremtiden. Dette vil gj&oslash;re SoundBase til den f&oslash;rste merkevare-agnostiske applikasjonen som er i stand til &aring; koordinere b&aring;de smal- og bredb&aring;nds tr&aring;dl&oslash;st, mens Spectera WebUI forblir arbeidshesten for individuelle basestasjoner, sier <strong>Euen</strong>.</p>\n    <figure\n        class=\"release-content-image release-content-image--contained release-content-image--align-center\"\n        data-component=\"image-zoom-popup\"\n        data-image-zoom-popup-selector=\".release-content-image__image\"\n        data-image-zoom-popup-i18n=\"data:application/json;base64,eyJEb3dubG9hZCI6IkRvd25sb2FkIn0=\"\n        data-image-zoom-popup-tracking-views-event=\"Story Image View\"\n        data-image-zoom-popup-tracking-download-event=\"Story Image Download\"\n        data-image-zoom-popup-placement=\"content\"\n    >\n        <div class=\"image-thumbnail-rollover\" style=\"width: 100%\">\n            <img\n                src=\"https://cdn.uc.assets.prezly.com/3f735914-c110-4075-9ecd-76cf1ca92014/-/resize/1200x/-/format/auto/\"\n                                class=\"release-content-image__image image-thumbnail-rollover__image\"\n                data-description=\"Spectera WebUI (bildet) vil v&amp;aelig;re programvaren p&amp;aring; enheten for Spectera, mens den merkevareuavhengige SoundBase-applikasjonen vil bli den anbefalte programvaren p&amp;aring; stedet i fremtiden.\"\n                id=\"image-3f735914-c110-4075-9ecd-76cf1ca92014\"\n                data-id=\"3f735914-c110-4075-9ecd-76cf1ca92014\"\n                data-original=\"https://cdn.uc.assets.prezly.com/3f735914-c110-4075-9ecd-76cf1ca92014/-/inline/no/Spectera_WebUI_Overview_dark_2.jpeg\"\n                data-mfp-src=\"https://cdn.uc.assets.prezly.com/3f735914-c110-4075-9ecd-76cf1ca92014/-/resize/1200x/-/format/auto/\"\n                alt=\"Spectera WebUI (bildet) vil v\u00e6re programvaren p\u00e5 enheten for Spectera, mens den merkevareuavhengige SoundBase-applikasjonen vil bli den anbefalte programvaren p\u00e5 stedet i fremtiden.\"\n            />\n            <div class=\"image-thumbnail-rollover__caption\">\n                <svg class=\"icon icon-expand image-thumbnail-rollover__caption-icon\">\n                <use xlink:href=\"#icon-expand\"></use>\n            </svg>            </div>\n        </div>\n\n        <figcaption class=\"release-content-image__caption\">Spectera WebUI (bildet) vil v&aelig;re programvaren p&aring; enheten for Spectera, mens den merkevareuavhengige SoundBase-applikasjonen vil bli den anbefalte programvaren p&aring; stedet i fremtiden.</figcaption>\n    </figure>\n<p><strong>Taiwan og Brasil har n&aring; lisens for Spectera, pr&oslash;velisens for Fastlands-Kina</strong></p><p>Spectera tilbyr n&aring; aktiveringslisenser for Taiwan (LIC ZONE 15), Fastlands-Kina (pr&oslash;velisens, LIC ZONE 17) og Brasil (LIC ZONE 16), der Anatel-sertifisering n&aring; er p&aring; plass. I tillegg er de tillatte frekvensene i 1,4 GHz-b&aring;ndet for LIC ZONE 1 (EU, EFTA, Storbritannia og Tyrkia) utvidet, og omfatter n&aring; 1492-1525 MHz i tillegg til 1350-1400 MHz. </p><p>&mdash; \u200b Denne utvidelsen gj&oslash;r Spectera 1,4 GHz enda mer attraktiv for brukerne. Spesielt med tanke p&aring; de overfylte og krympende UHF-ressursene, sier <strong>Euen</strong>. </p><p><strong>Tr&aring;dl&oslash;s mikrofonfunksjon for mega-arrangementer i 1435-1525 MHz-b&aring;ndet</strong></p><p>Spectera firmware versjon v 1.3.0 har ogs&aring; &oslash;kosystemet forberedt for AFTRCC e-n&oslash;kkelh&aring;ndtering for 1,4 GHz-systemer i USA. Profesjonelle tr&aring;dl&oslash;se brukere som &oslash;nsker &aring; vite mer om 1,4 GHz som et levedyktig alternativ til det overbelastede UHF-TV-b&aring;ndet, inviteres til et foredrag av spektrumeksperten Joe Ciaudelli l&oslash;rdag 18. april kl. 14.10-14.30 i N256.</p><p>Ciaudelli vil ikke bare belyse bruken av 1435-1525 MHz-b&aring;ndet til tr&aring;dl&oslash;se mikrofoner og &oslash;retelefoner ved megabegivenheter som Superbowl, World Series, Kentucky Derby, nasjonale valg og Oscar-utdelingen, men ogs&aring; g&aring; i detalj om regelverket, hvem som er kvalifisert (s&oslash;kere m&aring; ha en FCC Part 74-lisens) og fremgangsm&aring;ten for &aring; bruke tr&aring;dl&oslash;se mikrofoner i dette frekvensb&aring;ndet.</p>\n    <figure\n        class=\"release-content-image release-content-image--contained release-content-image--align-center\"\n        data-component=\"image-zoom-popup\"\n        data-image-zoom-popup-selector=\".release-content-image__image\"\n        data-image-zoom-popup-i18n=\"data:application/json;base64,eyJEb3dubG9hZCI6IkRvd25sb2FkIn0=\"\n        data-image-zoom-popup-tracking-views-event=\"Story Image View\"\n        data-image-zoom-popup-tracking-download-event=\"Story Image Download\"\n        data-image-zoom-popup-placement=\"content\"\n    >\n        <div class=\"image-thumbnail-rollover\" style=\"width: 75.15%\">\n            <img\n                src=\"https://cdn.uc.assets.prezly.com/503b688e-0a74-4dbd-92e3-5f3418c3a747/-/resize/1200x/-/format/auto/\"\n                                    srcset=\"https://cdn.uc.assets.prezly.com/503b688e-0a74-4dbd-92e3-5f3418c3a747/-/resize/1200x/-/format/auto/ 1x, https://cdn.uc.assets.prezly.com/503b688e-0a74-4dbd-92e3-5f3418c3a747/-/resize/2400x/-/format/auto/ 2x\"\n                                class=\"release-content-image__image image-thumbnail-rollover__image\"\n                data-description=\"Den 18. april vil Joe Ciaudelli snakke om 1,4 GHz-b&amp;aring;ndet og hvordan det kan brukes til &amp;aring; st&amp;oslash;tte kringkastingsarrangementer i USA (kl. 14.10 - 14.30, N256).\"\n                id=\"image-503b688e-0a74-4dbd-92e3-5f3418c3a747\"\n                data-id=\"503b688e-0a74-4dbd-92e3-5f3418c3a747\"\n                data-original=\"https://cdn.uc.assets.prezly.com/503b688e-0a74-4dbd-92e3-5f3418c3a747/-/inline/no/Joe+Ciaudelli.jpg\"\n                data-mfp-src=\"https://cdn.uc.assets.prezly.com/503b688e-0a74-4dbd-92e3-5f3418c3a747/-/resize/1200x/-/format/auto/\"\n                alt=\"Den 18. april vil Joe Ciaudelli snakke om 1,4 GHz-b\u00e5ndet og hvordan det kan brukes til \u00e5 st\u00f8tte kringkastingsarrangementer i USA (kl. 14.10 - 14.30, N256).\"\n            />\n            <div class=\"image-thumbnail-rollover__caption\">\n                <svg class=\"icon icon-expand image-thumbnail-rollover__caption-icon\">\n                <use xlink:href=\"#icon-expand\"></use>\n            </svg>            </div>\n        </div>\n\n        <figcaption class=\"release-content-image__caption\">Den 18. april vil Joe Ciaudelli snakke om 1,4 GHz-b&aring;ndet og hvordan det kan brukes til &aring; st&oslash;tte kringkastingsarrangementer i USA (kl. 14.10 - 14.30, N256).</figcaption>\n    </figure>\n<p style=\"text-align: justify\"><strong>Oppslukende arbeidsflyter for kringkasting og OTT i AMBEO-sonen</strong></p><p>I AMBEO Zone kan kringkastere, OTT-plattformer og medieskapere se hvordan publikumsengasjementet kan styrkes med avansert, oppslukende lydteknologi som l&oslash;fter innhold som spilles av p&aring; systemer uten immersive lyd - b&aring;de i direktesendinger og i filbaserte VOD-produksjoner. </p><p>&mdash; \u200b Avspilling av innhold skjer i dag som oftest p&aring; stereoenheter, spesielt i mobile brukstilfeller. V&aring;re tilpasningsdyktige arbeidsflyter hjelper profesjonelle med &aring; levere konsistente, p&aring;litelige lydopplevelser av h&oslash;y kvalitet som styrker seernes f&oslash;lelsesmessige tilknytning, samtidig som den kreative intensjonen bevares, forklarer <strong>Kai Detlefsen, leder for AMBEO</strong>, Sennheiser-konsernets satsing p&aring; immersive audio. </p><p>Den <strong>filbaserte AMBEO 2-Channel Spatial Audio Renderer</strong>, en str&oslash;mlinjeformet postproduksjonsl&oslash;sning for VOD og kataloginnhold, er tilgjengelig b&aring;de for lokal bruk og for skybasert prosessering. Denne arbeidsflyten gj&oslash;r det mulig &aring; automatisk rendere oppslukende mikser til en overbevisende AMBEO 2-kanalsopplevelse, samtidig som teknikerne har full tilgang til parametere n&aring;r det er &oslash;nskelig med kreative justeringer. </p><p>Inspirert av de samme prinsippene , koder <strong>AMBEO 2-Channel Spatial Audio Broadcast Renderer</strong> i sanntid <strong>AMBEO</strong> 2.0-str&oslash;mmer til en dynamisk AMBEO 2.0-str&oslash;m i sanntid. Dermed tilbyr renderen en umiddelbar vei til publikumsklar oppslukning - uten at det kreves noen endringer fra lytternes side. P&aring; NAB viser AMBEO hvordan renderen kan brukes p&aring; kompakte profesjonelle enheter som Neumann MT 48, noe som muliggj&oslash;r enkel integrering i eksisterende AES67-, ST 2110- eller Dante-milj&oslash;er. </p>\n    <figure\n        class=\"release-content-image release-content-image--contained release-content-image--align-center\"\n        data-component=\"image-zoom-popup\"\n        data-image-zoom-popup-selector=\".release-content-image__image\"\n        data-image-zoom-popup-i18n=\"data:application/json;base64,eyJEb3dubG9hZCI6IkRvd25sb2FkIn0=\"\n        data-image-zoom-popup-tracking-views-event=\"Story Image View\"\n        data-image-zoom-popup-tracking-download-event=\"Story Image Download\"\n        data-image-zoom-popup-placement=\"content\"\n    >\n        <div class=\"image-thumbnail-rollover\" style=\"width: 76.35%\">\n            <img\n                src=\"https://cdn.uc.assets.prezly.com/f45e1f82-c1c5-421b-8465-45d65f8a2d8f/-/resize/1200x/-/format/auto/\"\n                                    srcset=\"https://cdn.uc.assets.prezly.com/f45e1f82-c1c5-421b-8465-45d65f8a2d8f/-/resize/1200x/-/format/auto/ 1x, https://cdn.uc.assets.prezly.com/f45e1f82-c1c5-421b-8465-45d65f8a2d8f/-/resize/2400x/-/format/auto/ 2x\"\n                                class=\"release-content-image__image image-thumbnail-rollover__image\"\n                data-description=\"AMBEO 2-kanals Spatial Audio Broadcast Renderer i sanntid - her brukt p&amp;aring; en Neumann MT 48 - skaper en overbevisende AMBEO 2.0-liveopplevelse for lyttere p&amp;aring; standard stereoanlegg.\"\n                id=\"image-f45e1f82-c1c5-421b-8465-45d65f8a2d8f\"\n                data-id=\"f45e1f82-c1c5-421b-8465-45d65f8a2d8f\"\n                data-original=\"https://cdn.uc.assets.prezly.com/f45e1f82-c1c5-421b-8465-45d65f8a2d8f/-/inline/no/MT-48-TopView-3-WhiteFond_Ambeo-Interface.jpg\"\n                data-mfp-src=\"https://cdn.uc.assets.prezly.com/f45e1f82-c1c5-421b-8465-45d65f8a2d8f/-/resize/1200x/-/format/auto/\"\n                alt=\"AMBEO 2-kanals Spatial Audio Broadcast Renderer i sanntid - her brukt p\u00e5 en Neumann MT 48 - skaper en overbevisende AMBEO 2.0-liveopplevelse for lyttere p\u00e5 standard stereoanlegg.\"\n            />\n            <div class=\"image-thumbnail-rollover__caption\">\n                <svg class=\"icon icon-expand image-thumbnail-rollover__caption-icon\">\n                <use xlink:href=\"#icon-expand\"></use>\n            </svg>            </div>\n        </div>\n\n        <figcaption class=\"release-content-image__caption\">AMBEO 2-kanals Spatial Audio Broadcast Renderer i sanntid - her brukt p&aring; en Neumann MT 48 - skaper en overbevisende AMBEO 2.0-liveopplevelse for lyttere p&aring; standard stereoanlegg.</figcaption>\n    </figure>\n<p>Sist, men ikke minst, inneholder AMBEO Zone <strong>Neumann VIS </strong>visionOS-applikasjonen, som viser hvordan oppslukende produksjoner kan skapes og forbedres i kontekst ved hjelp av romlige databehandlingsenheter som Apple Vision Pro. Ved &aring; visualisere romlige mikseelementer i det faktiske avspillingsmilj&oslash;et f&aring;r lydteknikere en intuitiv forst&aring;else av plassering, dybde og bevegelse - noe som effektiviserer kreative beslutninger og fremskynder iterasjonssykluser.</p>\n    <figure\n        class=\"release-content-image release-content-image--contained release-content-image--align-center\"\n        data-component=\"image-zoom-popup\"\n        data-image-zoom-popup-selector=\".release-content-image__image\"\n        data-image-zoom-popup-i18n=\"data:application/json;base64,eyJEb3dubG9hZCI6IkRvd25sb2FkIn0=\"\n        data-image-zoom-popup-tracking-views-event=\"Story Image View\"\n        data-image-zoom-popup-tracking-download-event=\"Story Image Download\"\n        data-image-zoom-popup-placement=\"content\"\n    >\n        <div class=\"image-thumbnail-rollover\" style=\"width: 100%\">\n            <img\n                src=\"https://cdn.uc.assets.prezly.com/1170bef0-01a9-4472-8c07-8c7e412a6cad/-/resize/1200x/-/format/auto/\"\n                                class=\"release-content-image__image image-thumbnail-rollover__image\"\n                data-description=\"Oppslukende lydmiksing med Neumanns VIS - Virtual Immersive Studio\"\n                id=\"image-1170bef0-01a9-4472-8c07-8c7e412a6cad\"\n                data-id=\"1170bef0-01a9-4472-8c07-8c7e412a6cad\"\n                data-original=\"https://cdn.uc.assets.prezly.com/1170bef0-01a9-4472-8c07-8c7e412a6cad/-/inline/no/Neumann_VIS.jpg\"\n                data-mfp-src=\"https://cdn.uc.assets.prezly.com/1170bef0-01a9-4472-8c07-8c7e412a6cad/-/resize/1200x/-/format/auto/\"\n                alt=\"Oppslukende lydmiksing med Neumanns VIS - Virtual Immersive Studio\"\n            />\n            <div class=\"image-thumbnail-rollover__caption\">\n                <svg class=\"icon icon-expand image-thumbnail-rollover__caption-icon\">\n                <use xlink:href=\"#icon-expand\"></use>\n            </svg>            </div>\n        </div>\n\n        <figcaption class=\"release-content-image__caption\">Oppslukende lydmiksing med Neumanns VIS - Virtual Immersive Studio</figcaption>\n    </figure>\n<p> </p><p><strong>Bes&oslash;k Sennheiser Group p&aring; NAB, Central Hall, stand nr. 4931</strong></p><p>&nbsp;</p><p>De h&oslash;yoppl&oslash;selige bildene som f&oslash;lger med denne pressemeldingen kan lastes ned <a href=\"https://brandzone.sennheiser-group.com/share/ACuE4rePuMXLgRDiXKi5\">her</a>.</p><p>&nbsp;</p><p><strong>Om Sennheiser-konsernet</strong></p><p>&Aring; forme fremtidens lyd og skape unike lydopplevelser for v&aring;re kunder - dette er ambisjonen som forener de ansatte i Sennheiser-konsernet over hele verden. Det uavhengige familieeide selskapet Sennheiser ble grunnlagt i 1945. I dag ledes det i tredje generasjon av Dr. Andreas Sennheiser, og er en av de ledende produsentene innen profesjonell lydteknologi.</p><hr /><a href='https://cdn.uc.assets.prezly.com/7b13299b-bc8e-4bf1-a47b-f6cd1d58317e/-/inline/no/the-sennheiser-group-at-nab-2026.docx' class='release-content-attachment' id='attachment-7b13299b-bc8e-4bf1-a47b-f6cd1d58317e' data-type='attachment' data-track='Story File Download' data-placement='content' data-id='7b13299b-bc8e-4bf1-a47b-f6cd1d58317e'>\n    <span class='release-content-attachment__icon'>\n        <svg class=\"icon icon-download\">\n                <use xlink:href=\"#icon-download\"></use>\n            </svg>\n    </span>\n    <span class='release-content-attachment__details'>\n        <strong class='release-content-attachment__title'>The Sennheiser Group at NAB 2026.docx</strong>\n        <em class='release-content-attachment__subtitle'>6 MB</em>\n    </span>\n</a><a href='https://cdn.uc.assets.prezly.com/20995232-4050-40eb-8e41-36ab3b068948/-/inline/no/the-sennheiser-group-at-nab-2026.pdf' class='release-content-attachment' id='attachment-20995232-4050-40eb-8e41-36ab3b068948' data-type='attachment' data-track='Story File Download' data-placement='content' data-id='20995232-4050-40eb-8e41-36ab3b068948'>\n    <span class='release-content-attachment__icon'>\n        <svg class=\"icon icon-download\">\n                <use xlink:href=\"#icon-download\"></use>\n            </svg>\n    </span>\n    <span class='release-content-attachment__details'>\n        <strong class='release-content-attachment__title'>The Sennheiser Group at NAB 2026.pdf</strong>\n        <em class='release-content-attachment__subtitle'>700 KB</em>\n    </span>\n</a><hr /><div class=\"release-content-contact\" id=\"contact-e2a903d6-c986-41f0-8eef-98083c19f763\">\n    \n    <div class=\"release-content-contact__details\">\n        <strong class=\"release-content-contact__name\">Maik Robbe</strong>\n        <em class=\"release-content-contact__description\">Manager Global Communications, Sennheiser electronic SE &amp; Co. KG</em>\n        <ul class=\"release-content-contact__details-list\"><li class=\"release-content-contact__details-list-item\"><a href=\"mailto:maik.robbe@sennheiser.com\"  class=\"release-content-contact__details-list-item-link\" title=\"maik.robbe@sennheiser.com\"><svg class=\"icon icon-paper-plane release-content-contact__details-list-item-icon\">\n                <use xlink:href=\"#icon-paper-plane\"></use>\n            </svg>maik.robbe@sennheiser.com</a></li>\n<li class=\"release-content-contact__details-list-item\"><a href=\"tel:+49 (0) 5130 / 600 1028\"  class=\"release-content-contact__details-list-item-link\" title=\"+49 (0) 5130 / 600 1028\"><svg class=\"icon icon-phone release-content-contact__details-list-item-icon\">\n                <use xlink:href=\"#icon-phone\"></use>\n            </svg>+49 (0) 5130 / 600 1028</a></li>\n<li class=\"release-content-contact__details-list-item\"><a href=\"https://www.sennheiser.com\" target=\"_blank\" rel=\"noopener noreferrer\" class=\"release-content-contact__details-list-item-link\" title=\"sennheiser.com\"><svg class=\"icon icon-browser release-content-contact__details-list-item-icon\">\n                <use xlink:href=\"#icon-browser\"></use>\n            </svg>sennheiser.com</a></li></ul>\n    </div>\n</div><div class=\"release-content-contact\" id=\"contact-15d39611-2184-4194-9a47-b7633e533b3a\">\n    \n    <div class=\"release-content-contact__details\">\n        <strong class=\"release-content-contact__name\">Victoria Chernih</strong>\n        <em class=\"release-content-contact__description\">Account Director, Gasoline Media Ltd.</em>\n        <ul class=\"release-content-contact__details-list\"><li class=\"release-content-contact__details-list-item\"><a href=\"mailto:victoria@gasolinemedia.com\"  class=\"release-content-contact__details-list-item-link\" title=\"victoria@gasolinemedia.com\"><svg class=\"icon icon-paper-plane release-content-contact__details-list-item-icon\">\n                <use xlink:href=\"#icon-paper-plane\"></use>\n            </svg>victoria@gasolinemedia.com</a></li>\n<li class=\"release-content-contact__details-list-item\"><a href=\"https://www.gasolinemedia.com\" target=\"_blank\" rel=\"noopener noreferrer\" class=\"release-content-contact__details-list-item-link\" title=\"gasolinemedia.com\"><svg class=\"icon icon-browser release-content-contact__details-list-item-icon\">\n                <use xlink:href=\"#icon-browser\"></use>\n            </svg>gasolinemedia.com</a></li></ul>\n    </div>\n</div>",
    "header": {
        "large": "https://cdn.uc.assets.prezly.com/bd6700db-134b-47eb-b9c8-00412df2b03a/-/crop/3000x1286/0,558/-/preview/-/preview/1200x1200/-/format/auto/",
        "release": "https://cdn.uc.assets.prezly.com/bd6700db-134b-47eb-b9c8-00412df2b03a/-/crop/3000x1286/0,558/-/preview/-/preview/1200x1200/-/format/auto/"
    },
    "images": [
        {
            "caption": "Spectera API muliggj\u00f8r dypere integrasjon, nye arbeidsflyter og partnerdrevet innovasjon",
            "original": "https://cdn.uc.assets.prezly.com/7816e934-3762-46ba-b92c-dce3fe782d7f/",
            "medium": "https://cdn.uc.assets.prezly.com/7816e934-3762-46ba-b92c-dce3fe782d7f/-/preview/500x500/-/format/auto/",
            "small": "https://cdn.uc.assets.prezly.com/7816e934-3762-46ba-b92c-dce3fe782d7f/-/preview/200x200/-/format/auto/",
            "thumbnail": "https://cdn.uc.assets.prezly.com/7816e934-3762-46ba-b92c-dce3fe782d7f/-/preview/100x100/-/format/auto/",
            "square": "https://cdn.uc.assets.prezly.com/7816e934-3762-46ba-b92c-dce3fe782d7f/-/scale_crop/200x200/center/-/format/auto/",
            "squaresmall": "https://cdn.uc.assets.prezly.com/7816e934-3762-46ba-b92c-dce3fe782d7f/-/scale_crop/58x58/center/-/format/auto/"
        },
        {
            "caption": "Spectera WebUI (bildet) vil v\u00e6re programvaren p\u00e5 enheten for Spectera, mens den merkevareuavhengige SoundBase-applikasjonen vil bli den anbefalte programvaren p\u00e5 stedet i fremtiden.",
            "original": "https://cdn.uc.assets.prezly.com/3f735914-c110-4075-9ecd-76cf1ca92014/",
            "medium": "https://cdn.uc.assets.prezly.com/3f735914-c110-4075-9ecd-76cf1ca92014/-/preview/500x500/-/format/auto/",
            "small": "https://cdn.uc.assets.prezly.com/3f735914-c110-4075-9ecd-76cf1ca92014/-/preview/200x200/-/format/auto/",
            "thumbnail": "https://cdn.uc.assets.prezly.com/3f735914-c110-4075-9ecd-76cf1ca92014/-/preview/100x100/-/format/auto/",
            "square": "https://cdn.uc.assets.prezly.com/3f735914-c110-4075-9ecd-76cf1ca92014/-/scale_crop/200x200/center/-/format/auto/",
            "squaresmall": "https://cdn.uc.assets.prezly.com/3f735914-c110-4075-9ecd-76cf1ca92014/-/scale_crop/58x58/center/-/format/auto/"
        },
        {
            "caption": "Den 18. april vil Joe Ciaudelli snakke om 1,4 GHz-b\u00e5ndet og hvordan det kan brukes til \u00e5 st\u00f8tte kringkastingsarrangementer i USA (kl. 14.10 - 14.30, N256).",
            "original": "https://cdn.uc.assets.prezly.com/503b688e-0a74-4dbd-92e3-5f3418c3a747/",
            "medium": "https://cdn.uc.assets.prezly.com/503b688e-0a74-4dbd-92e3-5f3418c3a747/-/preview/500x500/-/format/auto/",
            "small": "https://cdn.uc.assets.prezly.com/503b688e-0a74-4dbd-92e3-5f3418c3a747/-/preview/200x200/-/format/auto/",
            "thumbnail": "https://cdn.uc.assets.prezly.com/503b688e-0a74-4dbd-92e3-5f3418c3a747/-/preview/100x100/-/format/auto/",
            "square": "https://cdn.uc.assets.prezly.com/503b688e-0a74-4dbd-92e3-5f3418c3a747/-/scale_crop/200x200/center/-/format/auto/",
            "squaresmall": "https://cdn.uc.assets.prezly.com/503b688e-0a74-4dbd-92e3-5f3418c3a747/-/scale_crop/58x58/center/-/format/auto/"
        },
        {
            "caption": "AMBEO 2-kanals Spatial Audio Broadcast Renderer i sanntid - her brukt p\u00e5 en Neumann MT 48 - skaper en overbevisende AMBEO 2.0-liveopplevelse for lyttere p\u00e5 standard stereoanlegg.",
            "original": "https://cdn.uc.assets.prezly.com/f45e1f82-c1c5-421b-8465-45d65f8a2d8f/",
            "medium": "https://cdn.uc.assets.prezly.com/f45e1f82-c1c5-421b-8465-45d65f8a2d8f/-/preview/500x500/-/format/auto/",
            "small": "https://cdn.uc.assets.prezly.com/f45e1f82-c1c5-421b-8465-45d65f8a2d8f/-/preview/200x200/-/format/auto/",
            "thumbnail": "https://cdn.uc.assets.prezly.com/f45e1f82-c1c5-421b-8465-45d65f8a2d8f/-/preview/100x100/-/format/auto/",
            "square": "https://cdn.uc.assets.prezly.com/f45e1f82-c1c5-421b-8465-45d65f8a2d8f/-/scale_crop/200x200/center/-/format/auto/",
            "squaresmall": "https://cdn.uc.assets.prezly.com/f45e1f82-c1c5-421b-8465-45d65f8a2d8f/-/scale_crop/58x58/center/-/format/auto/"
        },
        {
            "caption": "Oppslukende lydmiksing med Neumanns VIS - Virtual Immersive Studio",
            "original": "https://cdn.uc.assets.prezly.com/1170bef0-01a9-4472-8c07-8c7e412a6cad/",
            "medium": "https://cdn.uc.assets.prezly.com/1170bef0-01a9-4472-8c07-8c7e412a6cad/-/preview/500x500/-/format/auto/",
            "small": "https://cdn.uc.assets.prezly.com/1170bef0-01a9-4472-8c07-8c7e412a6cad/-/preview/200x200/-/format/auto/",
            "thumbnail": "https://cdn.uc.assets.prezly.com/1170bef0-01a9-4472-8c07-8c7e412a6cad/-/preview/100x100/-/format/auto/",
            "square": "https://cdn.uc.assets.prezly.com/1170bef0-01a9-4472-8c07-8c7e412a6cad/-/scale_crop/200x200/center/-/format/auto/",
            "squaresmall": "https://cdn.uc.assets.prezly.com/1170bef0-01a9-4472-8c07-8c7e412a6cad/-/scale_crop/58x58/center/-/format/auto/"
        }
    ],
    "attachments": [
        {
            "description": "",
            "extension": "docx",
            "url": "https://cdn.uc.assets.prezly.com/7b13299b-bc8e-4bf1-a47b-f6cd1d58317e/-/inline/no/the-sennheiser-group-at-nab-2026.docx"
        },
        {
            "description": "",
            "extension": "pdf",
            "url": "https://cdn.uc.assets.prezly.com/20995232-4050-40eb-8e41-36ab3b068948/-/inline/no/the-sennheiser-group-at-nab-2026.pdf"
        }
    ],
    "contacts": [
        {
            "name": "Maik Robbe",
            "company": "Sennheiser electronic SE & Co. KG",
            "description": "Manager Global Communications",
            "email": "maik.robbe@sennheiser.com",
            "website": "https://www.sennheiser.com",
            "address": null,
            "telephone": "+49 (0) 5130 / 600 1028",
            "mobile": null,
            "twitter": null,
            "facebook": null
        },
        {
            "name": "Victoria Chernih",
            "company": "Gasoline Media Ltd.",
            "description": "Account Director",
            "email": "victoria@gasolinemedia.com",
            "website": "https://www.gasolinemedia.com",
            "address": null,
            "telephone": null,
            "mobile": null,
            "twitter": null,
            "facebook": null
        }
    ],
    "author": {
        "first_name": "Carolina",
        "last_name": "Skajem"
    },
    "format_version": 4
}