{
    "title": "\u201eSpectera Studio\u201c erm\u00f6glicht die m\u00fchelose Planung, Bearbeitung und Migration von Spectera-Konfigurationen",
    "modified_at": "2026-04-28 10:40:03",
    "published_at": "2026-04-28 10:41:00",
    "url": "https://newsroom.sennheiser.com/spectera-studio-ermoglicht-die-muhelose-planung-bearbeitung-und-migration-von-spectera-konfigurationen",
    "short_url": "http://prez.ly/oQDd",
    "culture": "de_DE",
    "language": "DE",
    "subtitle": "Das leistungsstarke neue Tool vereinfacht und optimiert Spectera-Workflows von der Systemplanung \u00fcber die Konfiguration bis hin zur Bereitstellung",
    "slug": "spectera-studio-ermoglicht-die-muhelose-planung-bearbeitung-und-migration-von-spectera-konfigurationen",
    "body": "<p><em><strong>Wedemark, 28. April 2026 </strong></em><strong>&mdash; Sennheiser stellt das Spectera Studio vor &ndash; einen Systemplaner f&uuml;r das weltweit erste bidirektionale drahtlose Breitband-Ecosystem. Die Software unterst&uuml;tzt Betreiber*innen sowohl in der Vorproduktion und Vorbereitung als auch bei der Neukonfiguration von Setups zwischen Eins&auml;tzen. Sie erm&ouml;glicht Ingenieur*innen und Techniker*innen, komplette Spectera-Systeme zu planen, bestehende Konfigurationsdateien zu migrieren sowie Setups offline zu erstellen und zu bearbeiten &ndash; alles ganz ohne Verbindung zu einer Base Station.</strong></p>\n    <figure\n        class=\"release-content-image release-content-image--contained release-content-image--align-center\"\n        data-component=\"image-zoom-popup\"\n        data-image-zoom-popup-selector=\".release-content-image__image\"\n        data-image-zoom-popup-i18n=\"data:application/json;base64,eyJEb3dubG9hZCI6IkRvd25sb2FkIn0=\"\n        data-image-zoom-popup-tracking-views-event=\"Story Image View\"\n        data-image-zoom-popup-tracking-download-event=\"Story Image Download\"\n        data-image-zoom-popup-placement=\"content\"\n    >\n        <div class=\"image-thumbnail-rollover\" style=\"width: 100%\">\n            <img\n                src=\"https://cdn.uc.assets.prezly.com/df6f5f12-188b-4e73-9da2-56009e2048cf/-/resize/1200x/-/format/auto/\"\n                                    srcset=\"https://cdn.uc.assets.prezly.com/df6f5f12-188b-4e73-9da2-56009e2048cf/-/resize/1200x/-/format/auto/ 1x, https://cdn.uc.assets.prezly.com/df6f5f12-188b-4e73-9da2-56009e2048cf/-/resize/2400x/-/format/auto/ 2x\"\n                                class=\"release-content-image__image image-thumbnail-rollover__image\"\n                data-description=\"Mit Spectera Studio lassen sich komplette Spectera-Konfigurationen offline planen oder bestehende Spectera-WebUI-Speicherdateien verwenden und bearbeiten\"\n                id=\"image-df6f5f12-188b-4e73-9da2-56009e2048cf\"\n                data-id=\"df6f5f12-188b-4e73-9da2-56009e2048cf\"\n                data-original=\"https://cdn.uc.assets.prezly.com/df6f5f12-188b-4e73-9da2-56009e2048cf/-/inline/no/Spectera+Studio+1.jpg\"\n                data-mfp-src=\"https://cdn.uc.assets.prezly.com/df6f5f12-188b-4e73-9da2-56009e2048cf/-/resize/1200x/-/format/auto/\"\n                alt=\"Mit Spectera Studio lassen sich komplette Spectera-Konfigurationen offline planen oder bestehende Spectera-WebUI-Speicherdateien verwenden und bearbeiten\"\n            />\n            <div class=\"image-thumbnail-rollover__caption\">\n                <svg class=\"icon icon-expand image-thumbnail-rollover__caption-icon\">\n                <use xlink:href=\"#icon-expand\"></use>\n            </svg>            </div>\n        </div>\n\n        <figcaption class=\"release-content-image__caption\">Mit Spectera Studio lassen sich komplette Spectera-Konfigurationen offline planen oder bestehende Spectera-WebUI-Speicherdateien verwenden und bearbeiten</figcaption>\n    </figure>\n<p>&bdquo;Darauf haben Spectera-Anwender*innen gewartet: Ein unkompliziertes Tool zur Offline-Vorbereitung von Veranstaltungen sowie zum Import und zur Anpassung von Einstellungen aus der Spectera WebUI.&ldquo;, erkl&auml;rt Greg Simon, Director, Technical Applications Engineering bei Sennheiser. &bdquo;Das Spectera Studio schlie&szlig;t eine L&uuml;cke f&uuml;r Betreiber*innen, die gespeicherte Konfigurationsdateien nahtlos aus der WebUI migrieren und auf neuen mobilen Ger&auml;ten nutzen m&ouml;chten. Ebenso erm&ouml;glicht das Tool die stapelweise Bearbeitung aller oder ausgew&auml;hlter Parameter mobiler Ger&auml;te innerhalb einer bestehenden Speicherdatei. Selbstverst&auml;ndlich k&ouml;nnen Nutzer*innen auch v&ouml;llig neue Konfigurationen von Grund auf erstellen, ohne dass eine Verbindung zu einer Base Station erforderlich ist.&ldquo;</p>\n    <figure\n        class=\"release-content-image release-content-image--contained release-content-image--align-center\"\n        data-component=\"image-zoom-popup\"\n        data-image-zoom-popup-selector=\".release-content-image__image\"\n        data-image-zoom-popup-i18n=\"data:application/json;base64,eyJEb3dubG9hZCI6IkRvd25sb2FkIn0=\"\n        data-image-zoom-popup-tracking-views-event=\"Story Image View\"\n        data-image-zoom-popup-tracking-download-event=\"Story Image Download\"\n        data-image-zoom-popup-placement=\"content\"\n    >\n        <div class=\"image-thumbnail-rollover\" style=\"width: 80.03%\">\n            <img\n                src=\"https://cdn.uc.assets.prezly.com/b25054f3-de15-47d8-8ecc-7b222dd11eed/-/resize/1200x/-/format/auto/\"\n                                class=\"release-content-image__image image-thumbnail-rollover__image\"\n                data-description=\"Der Systemplaner im Spectera Studio erm&amp;ouml;glicht es Anwender*innen, Verbindungsmodi zu definieren und zeigt dabei in Echtzeit an, wie viel RF-Kapazit&amp;auml;t noch verf&amp;uuml;gbar ist \"\n                id=\"image-b25054f3-de15-47d8-8ecc-7b222dd11eed\"\n                data-id=\"b25054f3-de15-47d8-8ecc-7b222dd11eed\"\n                data-original=\"https://cdn.uc.assets.prezly.com/b25054f3-de15-47d8-8ecc-7b222dd11eed/-/inline/no/Spectera+Studio+3.jpg\"\n                data-mfp-src=\"https://cdn.uc.assets.prezly.com/b25054f3-de15-47d8-8ecc-7b222dd11eed/-/resize/1200x/-/format/auto/\"\n                alt=\"Der Systemplaner im Spectera Studio erm\u00f6glicht es Anwender*innen, Verbindungsmodi zu definieren und zeigt dabei in Echtzeit an, wie viel RF-Kapazit\u00e4t noch verf\u00fcgbar ist \"\n            />\n            <div class=\"image-thumbnail-rollover__caption\">\n                <svg class=\"icon icon-expand image-thumbnail-rollover__caption-icon\">\n                <use xlink:href=\"#icon-expand\"></use>\n            </svg>            </div>\n        </div>\n\n        <figcaption class=\"release-content-image__caption\">Der Systemplaner im Spectera Studio erm&ouml;glicht es Anwender*innen, Verbindungsmodi zu definieren und zeigt dabei in Echtzeit an, wie viel RF-Kapazit&auml;t noch verf&uuml;gbar ist </figcaption>\n    </figure>\n<p>Das Spectera Studio fungiert nicht nur als umfassendes Konfigurationsmanagement, sondern auch als Systemplaner. In der Planer-Oberfl&auml;che k&ouml;nnen Verbindungsmodi, Mobilger&auml;te und Antennenkonfigurationen pro RF-Kanal festgelegt werden. Auf Basis dieser Eingaben berechnet das Spectera Studio die RF-Kapazit&auml;tsauslastung und ermittelt die Anzahl der f&uuml;r die Einrichtung erforderlichen Base Stations. Nutzer*innen k&ouml;nnen Zubeh&ouml;r festlegen und eine System&uuml;bersicht als PDF herunterladen, beispielsweise f&uuml;r Planungs- und Dokumentationszwecke oder zur Weitergabe. Geplante Basisstationskonfigurationen lassen sich zudem direkt in den Editor laden, um die Erstellung von Systemdateien f&uuml;r die Bereitstellung zu starten.</p><p>Zum Bearbeiten und Erstellen laden Nutzer*innen einfach eine Spectera-WebUI-Speicherdatei oder beginnen von Grund auf, indem sie neue Zeilen zur Konfiguration hinzuf&uuml;gen. Mehrere Speicherdateien lassen sich kombinieren oder um neue Ger&auml;te erweitern. Nach der Bearbeitung wird die Datei exportiert und auf eine Base Station hochgeladen, um die Einstellungen zu &uuml;bernehmen.</p><p>Das Spectera Studio verwendet Speicherdateien, die an die Mobile Transmitter Unique ID (MTUID) jedes mobilen Ger&auml;ts gebunden sind. F&uuml;r eine erfolgreiche Bereitstellung m&uuml;ssen die hochgeladenen Dateien MTUIDs enthalten, die mit den mit der Base Station gekoppelten Ger&auml;ten &uuml;bereinstimmen. Das Spectera Studio vereinfacht diesen Prozess, indem es die Anzeige und Aktualisierung von MTUIDs an mehreren Stellen innerhalb der Datei erm&ouml;glicht. Dadurch k&ouml;nnen Konfigurationsfehler vermieden werden, da die Ger&auml;te-IDs mit den gekoppelten Base Stations abgeglichen werden.</p><p>&bdquo;Durch die Kombination von Planung, Bearbeitung und Migration in einem Tool steigert das Spectera Studio die Effizienz bei Systemeinrichtung, Neukonfiguration und Skalierung von Mehrkanalumgebungen deutlich&ldquo;, fasst Greg Simon zusammen.</p><p>Das <a href=\"https://tools.soundbase.app/coord/spectera-studio\" target=\"_blank\" rel=\"noreferrer noopener\">Spectera Studio</a> ist derzeit auf der SoundBase-Seite neben dem <a href=\"https://tools.soundbase.app/coord/sennheiser-spectera-mode-planning\" target=\"_blank\" rel=\"noreferrer noopener\">Spectera Mode Planning</a> Tool und dem <a href=\"https://tools.soundbase.app/coord/spectera-walk-test\" target=\"_blank\" rel=\"noreferrer noopener\">Spectera Walk Test</a> Tool zu finden.</p><p>(Ende)</p><p>Die Bilder zu dieser Pressemitteilung sowie weitere Screenshots des Tools k&ouml;nnen <a href=\"https://brandzone.sennheiser-group.com/share/UQzCX8qGBYqyGd3zzp4c\" target=\"_blank\" rel=\"noreferrer noopener\">hier</a> heruntergeladen werden.</p><hr /><a href='https://cdn.uc.assets.prezly.com/4c778c80-f418-4b81-a8cb-2e0d38cfc808/-/inline/no/pressemitteilungsennheiser-stellt-das-spectera-studio-vorfinal.docx' class='release-content-attachment' id='attachment-4c778c80-f418-4b81-a8cb-2e0d38cfc808' data-type='attachment' data-track='Story File Download' data-placement='content' data-id='4c778c80-f418-4b81-a8cb-2e0d38cfc808'>\n    <span class='release-content-attachment__icon'>\n        <svg class=\"icon icon-download\">\n                <use xlink:href=\"#icon-download\"></use>\n            </svg>\n    </span>\n    <span class='release-content-attachment__details'>\n        <strong class='release-content-attachment__title'>Pressemitteilung_Sennheiser stellt das Spectera Studio vor_FINAL.docx</strong>\n        <em class='release-content-attachment__subtitle'>5 MB</em>\n    </span>\n</a><a href='https://cdn.uc.assets.prezly.com/f620edec-62ef-415c-b501-acb6f317df4e/-/inline/no/pressemitteilungsennheiser-stellt-das-spectera-studio-vorfinal.pdf' class='release-content-attachment' id='attachment-f620edec-62ef-415c-b501-acb6f317df4e' data-type='attachment' data-track='Story File Download' data-placement='content' data-id='f620edec-62ef-415c-b501-acb6f317df4e'>\n    <span class='release-content-attachment__icon'>\n        <svg class=\"icon icon-download\">\n                <use xlink:href=\"#icon-download\"></use>\n            </svg>\n    </span>\n    <span class='release-content-attachment__details'>\n        <strong class='release-content-attachment__title'>Pressemitteilung_Sennheiser stellt das Spectera Studio vor_FINAL.pdf</strong>\n        <em class='release-content-attachment__subtitle'>321 KB</em>\n    </span>\n</a><hr /><div class=\"release-content-contact\" id=\"contact-64010659-dabf-49d5-b9eb-8063a8d90685\">\n    \n    <div class=\"release-content-contact__details\">\n        <strong class=\"release-content-contact__name\">Jacqueline Gusmag</strong>\n        <em class=\"release-content-contact__description\">Communications Manager DACH, Sennheiser electronic SE &amp; Co. KG</em>\n        <ul class=\"release-content-contact__details-list\"><li class=\"release-content-contact__details-list-item\"><a href=\"mailto:jacqueline.gusmag@sennheiser.com\"  class=\"release-content-contact__details-list-item-link\" title=\"jacqueline.gusmag@sennheiser.com\"><svg class=\"icon icon-paper-plane release-content-contact__details-list-item-icon\">\n                <use xlink:href=\"#icon-paper-plane\"></use>\n            </svg>jacqueline.gusmag@sennheiser.com</a></li>\n<li class=\"release-content-contact__details-list-item\"><a href=\"tel:+49 5130 600 1540\"  class=\"release-content-contact__details-list-item-link\" title=\"+49 5130 600 1540\"><svg class=\"icon icon-phone release-content-contact__details-list-item-icon\">\n                <use xlink:href=\"#icon-phone\"></use>\n            </svg>+49 5130 600 1540</a></li>\n<li class=\"release-content-contact__details-list-item\"><a href=\"http://www.sennheiser.com\" target=\"_blank\" rel=\"noopener noreferrer\" class=\"release-content-contact__details-list-item-link\" title=\"sennheiser.com\"><svg class=\"icon icon-browser release-content-contact__details-list-item-icon\">\n                <use xlink:href=\"#icon-browser\"></use>\n            </svg>sennheiser.com</a></li></ul>\n    </div>\n</div>",
    "header": {
        "large": "https://cdn.uc.assets.prezly.com/b0cbf030-24ae-4f81-970e-aedbeafa0914/-/preview/1200x1200/-/format/auto/",
        "release": "https://cdn.uc.assets.prezly.com/b0cbf030-24ae-4f81-970e-aedbeafa0914/-/preview/1200x1200/-/format/auto/"
    },
    "images": [
        {
            "caption": "Mit Spectera Studio lassen sich komplette Spectera-Konfigurationen offline planen oder bestehende Spectera-WebUI-Speicherdateien verwenden und bearbeiten",
            "original": "https://cdn.uc.assets.prezly.com/df6f5f12-188b-4e73-9da2-56009e2048cf/",
            "medium": "https://cdn.uc.assets.prezly.com/df6f5f12-188b-4e73-9da2-56009e2048cf/-/preview/500x500/-/format/auto/",
            "small": "https://cdn.uc.assets.prezly.com/df6f5f12-188b-4e73-9da2-56009e2048cf/-/preview/200x200/-/format/auto/",
            "thumbnail": "https://cdn.uc.assets.prezly.com/df6f5f12-188b-4e73-9da2-56009e2048cf/-/preview/100x100/-/format/auto/",
            "square": "https://cdn.uc.assets.prezly.com/df6f5f12-188b-4e73-9da2-56009e2048cf/-/scale_crop/200x200/center/-/format/auto/",
            "squaresmall": "https://cdn.uc.assets.prezly.com/df6f5f12-188b-4e73-9da2-56009e2048cf/-/scale_crop/58x58/center/-/format/auto/"
        },
        {
            "caption": "Der Systemplaner im Spectera Studio erm\u00f6glicht es Anwender*innen, Verbindungsmodi zu definieren und zeigt dabei in Echtzeit an, wie viel RF-Kapazit\u00e4t noch verf\u00fcgbar ist ",
            "original": "https://cdn.uc.assets.prezly.com/b25054f3-de15-47d8-8ecc-7b222dd11eed/",
            "medium": "https://cdn.uc.assets.prezly.com/b25054f3-de15-47d8-8ecc-7b222dd11eed/-/preview/500x500/-/format/auto/",
            "small": "https://cdn.uc.assets.prezly.com/b25054f3-de15-47d8-8ecc-7b222dd11eed/-/preview/200x200/-/format/auto/",
            "thumbnail": "https://cdn.uc.assets.prezly.com/b25054f3-de15-47d8-8ecc-7b222dd11eed/-/preview/100x100/-/format/auto/",
            "square": "https://cdn.uc.assets.prezly.com/b25054f3-de15-47d8-8ecc-7b222dd11eed/-/scale_crop/200x200/center/-/format/auto/",
            "squaresmall": "https://cdn.uc.assets.prezly.com/b25054f3-de15-47d8-8ecc-7b222dd11eed/-/scale_crop/58x58/center/-/format/auto/"
        }
    ],
    "attachments": [
        {
            "description": "",
            "extension": "docx",
            "url": "https://cdn.uc.assets.prezly.com/4c778c80-f418-4b81-a8cb-2e0d38cfc808/-/inline/no/pressemitteilungsennheiser-stellt-das-spectera-studio-vorfinal.docx"
        },
        {
            "description": "",
            "extension": "pdf",
            "url": "https://cdn.uc.assets.prezly.com/f620edec-62ef-415c-b501-acb6f317df4e/-/inline/no/pressemitteilungsennheiser-stellt-das-spectera-studio-vorfinal.pdf"
        }
    ],
    "contacts": [
        {
            "name": "Jacqueline Gusmag",
            "company": "Sennheiser electronic SE & Co. KG",
            "description": "Communications Manager DACH",
            "email": "jacqueline.gusmag@sennheiser.com",
            "website": "http://www.sennheiser.com",
            "address": null,
            "telephone": "+49 5130 600 1540",
            "mobile": null,
            "twitter": null,
            "facebook": null
        }
    ],
    "author": {
        "first_name": "Stefan",
        "last_name": "Prodan"
    },
    "format_version": 4
}